{"id":3280,"date":"2025-05-19T19:05:51","date_gmt":"2025-05-19T17:05:51","guid":{"rendered":"https:\/\/soundborn.at\/?p=3280"},"modified":"2025-05-20T10:28:21","modified_gmt":"2025-05-20T08:28:21","slug":"jam-session-june-25","status":"publish","type":"post","link":"https:\/\/soundborn.at\/en\/jam-session-june-25\/","title":{"rendered":"Jam Session #1 (7.6.25)"},"content":{"rendered":"<p><strong>Am 07.06.2025 (<strong>von 16 bis 22 Uhr<\/strong><\/strong>) <strong>ist es so weit:<\/strong> Die erste \u00f6ffentliche <em>Jam Session<\/em> im Soundborn steht an!<\/p>\n\n\n\n<p>Wir freuen uns riesig darauf, mit euch musikalisch in Kontakt zu treten, uns mit bekannten und neuen Gesichtern auszutauschen \u2013 und einfach gemeinsam die Musik zu feiern.<\/p>\n\n\n\n<p>Bringt eure Instrumente mit, gerne auch Getr\u00e4nke und Snacks.<br><br>Lasst uns zusammen den Live-Room zum Klingen bringen \u2013 wir freuen uns auf euch!<br><strong>Wichtig:<\/strong> der Code f\u00fcr die Eingangst\u00fcr lautet <strong>271142<\/strong> (g\u00fcltig am 07.06.2025 zwischen 16 und 22 Uhr).<\/p>\n\n\n\n<p><br><br><\/p>\n\n\n\n<p><\/p>\n\n\n\n<p><\/p>\n\n\n\n<p><\/p>","protected":false},"excerpt":{"rendered":"<p>Am 07.06.2025 (von 16 bis 22 Uhr) ist es so weit: Die erste \u00f6ffentliche Jam Session im Soundborn steht an! Wir freuen uns riesig darauf, mit euch musikalisch in Kontakt zu treten, uns mit bekannten und neuen Gesichtern auszutauschen \u2013 und einfach gemeinsam die Musik zu feiern. Bringt eure Instrumente mit, gerne auch Getr\u00e4nke und [&hellip;]<\/p>","protected":false},"author":1,"featured_media":3288,"comment_status":"closed","ping_status":"open","sticky":false,"template":"","format":"standard","meta":{"_acf_changed":false,"footnotes":""},"categories":[49],"tags":[44,45,46,41,47,42,43],"class_list":["post-3280","post","type-post","status-publish","format-standard","has-post-thumbnail","hentry","category-announcements","tag-44","tag-aufnahmen","tag-proben","tag-proberaeume","tag-roomforyoursound","tag-tonstudio","tag-wien"],"acf":[],"yoast_head":"<!-- This site is optimized with the Yoast SEO plugin v26.9 - https:\/\/yoast.com\/product\/yoast-seo-wordpress\/ -->\n<title>Jam Session #1 (7.6.25) - Soundborn<\/title>\n<meta name=\"description\" content=\"Prober\u00e4ume Wien, Tonstudio Wien, Podcasts aufnehmen, Raum f\u00fcr Workshops mieten, Raum f\u00fcr Veranstaltungen buchen, \u00d6ffentliche Jam-Sessions, Raum f\u00fcr Karaoke\" \/>\n<meta name=\"robots\" content=\"index, follow, max-snippet:-1, max-image-preview:large, max-video-preview:-1\" \/>\n<link rel=\"canonical\" href=\"https:\/\/soundborn.at\/en\/jam-session-june-25\/\" \/>\n<meta property=\"og:locale\" content=\"en_GB\" \/>\n<meta property=\"og:type\" content=\"article\" \/>\n<meta property=\"og:title\" content=\"Jam Session #1 (7.6.25) - Soundborn\" \/>\n<meta property=\"og:description\" content=\"Prober\u00e4ume Wien, Tonstudio Wien, Podcasts aufnehmen, Raum f\u00fcr Workshops mieten, Raum f\u00fcr Veranstaltungen buchen, \u00d6ffentliche Jam-Sessions, Raum f\u00fcr Karaoke\" \/>\n<meta property=\"og:url\" content=\"https:\/\/soundborn.at\/en\/jam-session-june-25\/\" \/>\n<meta property=\"og:site_name\" content=\"Soundborn\" \/>\n<meta property=\"article:publisher\" content=\"https:\/\/www.facebook.com\/Soundborn\" \/>\n<meta property=\"article:published_time\" content=\"2025-05-19T17:05:51+00:00\" \/>\n<meta property=\"article:modified_time\" content=\"2025-05-20T08:28:21+00:00\" \/>\n<meta property=\"og:image\" content=\"https:\/\/soundborn.at\/wp-content\/uploads\/2025\/05\/SB_WP_Header_Jam_0.png\" \/>\n\t<meta property=\"og:image:width\" content=\"1200\" \/>\n\t<meta property=\"og:image:height\" content=\"630\" \/>\n\t<meta property=\"og:image:type\" content=\"image\/png\" \/>\n<meta name=\"author\" content=\"Manuel\" \/>\n<meta name=\"twitter:card\" content=\"summary_large_image\" \/>\n<meta name=\"twitter:label1\" content=\"Written by\" \/>\n\t<meta name=\"twitter:data1\" content=\"Manuel\" \/>\n\t<meta name=\"twitter:label2\" content=\"Estimated reading time\" \/>\n\t<meta name=\"twitter:data2\" content=\"1 minute\" \/>\n<script type=\"application\/ld+json\" class=\"yoast-schema-graph\">{\"@context\":\"https:\/\/schema.org\",\"@graph\":[{\"@type\":\"Article\",\"@id\":\"https:\/\/soundborn.at\/jam-session-june-25\/#article\",\"isPartOf\":{\"@id\":\"https:\/\/soundborn.at\/jam-session-june-25\/\"},\"author\":{\"name\":\"Manuel\",\"@id\":\"https:\/\/soundborn.at\/#\/schema\/person\/632779bdb4ce50186fd8edf31ca2f6ae\"},\"headline\":\"Jam Session #1 (7.6.25)\",\"datePublished\":\"2025-05-19T17:05:51+00:00\",\"dateModified\":\"2025-05-20T08:28:21+00:00\",\"mainEntityOfPage\":{\"@id\":\"https:\/\/soundborn.at\/jam-session-june-25\/\"},\"wordCount\":83,\"publisher\":{\"@id\":\"https:\/\/soundborn.at\/#organization\"},\"image\":{\"@id\":\"https:\/\/soundborn.at\/jam-session-june-25\/#primaryimage\"},\"thumbnailUrl\":\"https:\/\/soundborn.at\/wp-content\/uploads\/2025\/05\/SB_WP_Header_Jam_0.png\",\"keywords\":[\"1080\",\"aufnahmen\",\"proben\",\"prober\u00e4ume\",\"roomforyoursound\",\"tonstudio\",\"wien\"],\"articleSection\":[\"Announcements\"],\"inLanguage\":\"en-GB\"},{\"@type\":\"WebPage\",\"@id\":\"https:\/\/soundborn.at\/jam-session-june-25\/\",\"url\":\"https:\/\/soundborn.at\/jam-session-june-25\/\",\"name\":\"Jam Session #1 (7.6.25) - Soundborn\",\"isPartOf\":{\"@id\":\"https:\/\/soundborn.at\/#website\"},\"primaryImageOfPage\":{\"@id\":\"https:\/\/soundborn.at\/jam-session-june-25\/#primaryimage\"},\"image\":{\"@id\":\"https:\/\/soundborn.at\/jam-session-june-25\/#primaryimage\"},\"thumbnailUrl\":\"https:\/\/soundborn.at\/wp-content\/uploads\/2025\/05\/SB_WP_Header_Jam_0.png\",\"datePublished\":\"2025-05-19T17:05:51+00:00\",\"dateModified\":\"2025-05-20T08:28:21+00:00\",\"description\":\"Prober\u00e4ume Wien, Tonstudio Wien, Podcasts aufnehmen, Raum f\u00fcr Workshops mieten, Raum f\u00fcr Veranstaltungen buchen, \u00d6ffentliche Jam-Sessions, Raum f\u00fcr Karaoke\",\"breadcrumb\":{\"@id\":\"https:\/\/soundborn.at\/jam-session-june-25\/#breadcrumb\"},\"inLanguage\":\"en-GB\",\"potentialAction\":[{\"@type\":\"ReadAction\",\"target\":[\"https:\/\/soundborn.at\/jam-session-june-25\/\"]}]},{\"@type\":\"ImageObject\",\"inLanguage\":\"en-GB\",\"@id\":\"https:\/\/soundborn.at\/jam-session-june-25\/#primaryimage\",\"url\":\"https:\/\/soundborn.at\/wp-content\/uploads\/2025\/05\/SB_WP_Header_Jam_0.png\",\"contentUrl\":\"https:\/\/soundborn.at\/wp-content\/uploads\/2025\/05\/SB_WP_Header_Jam_0.png\",\"width\":1200,\"height\":630,\"caption\":\"Soundborn Jam Session Cover\"},{\"@type\":\"BreadcrumbList\",\"@id\":\"https:\/\/soundborn.at\/jam-session-june-25\/#breadcrumb\",\"itemListElement\":[{\"@type\":\"ListItem\",\"position\":1,\"name\":\"Home\",\"item\":\"https:\/\/soundborn.at\/\"},{\"@type\":\"ListItem\",\"position\":2,\"name\":\"Jam Session #1 (7.6.25)\"}]},{\"@type\":\"WebSite\",\"@id\":\"https:\/\/soundborn.at\/#website\",\"url\":\"https:\/\/soundborn.at\/\",\"name\":\"Soundborn\",\"description\":\"Tonstudio &amp; Prober\u00e4ume in Wien\",\"publisher\":{\"@id\":\"https:\/\/soundborn.at\/#organization\"},\"potentialAction\":[{\"@type\":\"SearchAction\",\"target\":{\"@type\":\"EntryPoint\",\"urlTemplate\":\"https:\/\/soundborn.at\/?s={search_term_string}\"},\"query-input\":{\"@type\":\"PropertyValueSpecification\",\"valueRequired\":true,\"valueName\":\"search_term_string\"}}],\"inLanguage\":\"en-GB\"},{\"@type\":\"Organization\",\"@id\":\"https:\/\/soundborn.at\/#organization\",\"name\":\"Soundborn\",\"url\":\"https:\/\/soundborn.at\/\",\"logo\":{\"@type\":\"ImageObject\",\"inLanguage\":\"en-GB\",\"@id\":\"https:\/\/soundborn.at\/#\/schema\/logo\/image\/\",\"url\":\"https:\/\/soundborn.at\/wp-content\/uploads\/2025\/02\/Soundborn_RedOnTrans_0.png\",\"contentUrl\":\"https:\/\/soundborn.at\/wp-content\/uploads\/2025\/02\/Soundborn_RedOnTrans_0.png\",\"width\":2401,\"height\":1201,\"caption\":\"Soundborn\"},\"image\":{\"@id\":\"https:\/\/soundborn.at\/#\/schema\/logo\/image\/\"},\"sameAs\":[\"https:\/\/www.facebook.com\/Soundborn\",\"https:\/\/www.instagram.com\/soundbornofficial\"]},{\"@type\":\"Person\",\"@id\":\"https:\/\/soundborn.at\/#\/schema\/person\/632779bdb4ce50186fd8edf31ca2f6ae\",\"name\":\"Manuel\",\"image\":{\"@type\":\"ImageObject\",\"inLanguage\":\"en-GB\",\"@id\":\"https:\/\/soundborn.at\/#\/schema\/person\/image\/\",\"url\":\"https:\/\/secure.gravatar.com\/avatar\/13a7be6d161b1f1caff6a8ff8e890468f6b38286c9d579e59a8a50669cb19024?s=96&d=mm&r=g\",\"contentUrl\":\"https:\/\/secure.gravatar.com\/avatar\/13a7be6d161b1f1caff6a8ff8e890468f6b38286c9d579e59a8a50669cb19024?s=96&d=mm&r=g\",\"caption\":\"Manuel\"},\"sameAs\":[\"https:\/\/soundborn.at\"],\"url\":\"https:\/\/soundborn.at\/en\/author\/madman86\/\"}]}<\/script>\n<!-- \/ Yoast SEO plugin. -->","yoast_head_json":{"title":"Jam Session #1 (7.6.25) - Soundborn","description":"Prober\u00e4ume Wien, Tonstudio Wien, Podcasts aufnehmen, Raum f\u00fcr Workshops mieten, Raum f\u00fcr Veranstaltungen buchen, \u00d6ffentliche Jam-Sessions, Raum f\u00fcr Karaoke","robots":{"index":"index","follow":"follow","max-snippet":"max-snippet:-1","max-image-preview":"max-image-preview:large","max-video-preview":"max-video-preview:-1"},"canonical":"https:\/\/soundborn.at\/en\/jam-session-june-25\/","og_locale":"en_GB","og_type":"article","og_title":"Jam Session #1 (7.6.25) - Soundborn","og_description":"Prober\u00e4ume Wien, Tonstudio Wien, Podcasts aufnehmen, Raum f\u00fcr Workshops mieten, Raum f\u00fcr Veranstaltungen buchen, \u00d6ffentliche Jam-Sessions, Raum f\u00fcr Karaoke","og_url":"https:\/\/soundborn.at\/en\/jam-session-june-25\/","og_site_name":"Soundborn","article_publisher":"https:\/\/www.facebook.com\/Soundborn","article_published_time":"2025-05-19T17:05:51+00:00","article_modified_time":"2025-05-20T08:28:21+00:00","og_image":[{"width":1200,"height":630,"url":"https:\/\/soundborn.at\/wp-content\/uploads\/2025\/05\/SB_WP_Header_Jam_0.png","type":"image\/png"}],"author":"Manuel","twitter_card":"summary_large_image","twitter_misc":{"Written by":"Manuel","Estimated reading time":"1 minute"},"schema":{"@context":"https:\/\/schema.org","@graph":[{"@type":"Article","@id":"https:\/\/soundborn.at\/jam-session-june-25\/#article","isPartOf":{"@id":"https:\/\/soundborn.at\/jam-session-june-25\/"},"author":{"name":"Manuel","@id":"https:\/\/soundborn.at\/#\/schema\/person\/632779bdb4ce50186fd8edf31ca2f6ae"},"headline":"Jam Session #1 (7.6.25)","datePublished":"2025-05-19T17:05:51+00:00","dateModified":"2025-05-20T08:28:21+00:00","mainEntityOfPage":{"@id":"https:\/\/soundborn.at\/jam-session-june-25\/"},"wordCount":83,"publisher":{"@id":"https:\/\/soundborn.at\/#organization"},"image":{"@id":"https:\/\/soundborn.at\/jam-session-june-25\/#primaryimage"},"thumbnailUrl":"https:\/\/soundborn.at\/wp-content\/uploads\/2025\/05\/SB_WP_Header_Jam_0.png","keywords":["1080","aufnahmen","proben","prober\u00e4ume","roomforyoursound","tonstudio","wien"],"articleSection":["Announcements"],"inLanguage":"en-GB"},{"@type":"WebPage","@id":"https:\/\/soundborn.at\/jam-session-june-25\/","url":"https:\/\/soundborn.at\/jam-session-june-25\/","name":"Jam Session #1 (7.6.25) - Soundborn","isPartOf":{"@id":"https:\/\/soundborn.at\/#website"},"primaryImageOfPage":{"@id":"https:\/\/soundborn.at\/jam-session-june-25\/#primaryimage"},"image":{"@id":"https:\/\/soundborn.at\/jam-session-june-25\/#primaryimage"},"thumbnailUrl":"https:\/\/soundborn.at\/wp-content\/uploads\/2025\/05\/SB_WP_Header_Jam_0.png","datePublished":"2025-05-19T17:05:51+00:00","dateModified":"2025-05-20T08:28:21+00:00","description":"Prober\u00e4ume Wien, Tonstudio Wien, Podcasts aufnehmen, Raum f\u00fcr Workshops mieten, Raum f\u00fcr Veranstaltungen buchen, \u00d6ffentliche Jam-Sessions, Raum f\u00fcr Karaoke","breadcrumb":{"@id":"https:\/\/soundborn.at\/jam-session-june-25\/#breadcrumb"},"inLanguage":"en-GB","potentialAction":[{"@type":"ReadAction","target":["https:\/\/soundborn.at\/jam-session-june-25\/"]}]},{"@type":"ImageObject","inLanguage":"en-GB","@id":"https:\/\/soundborn.at\/jam-session-june-25\/#primaryimage","url":"https:\/\/soundborn.at\/wp-content\/uploads\/2025\/05\/SB_WP_Header_Jam_0.png","contentUrl":"https:\/\/soundborn.at\/wp-content\/uploads\/2025\/05\/SB_WP_Header_Jam_0.png","width":1200,"height":630,"caption":"Soundborn Jam Session Cover"},{"@type":"BreadcrumbList","@id":"https:\/\/soundborn.at\/jam-session-june-25\/#breadcrumb","itemListElement":[{"@type":"ListItem","position":1,"name":"Home","item":"https:\/\/soundborn.at\/"},{"@type":"ListItem","position":2,"name":"Jam Session #1 (7.6.25)"}]},{"@type":"WebSite","@id":"https:\/\/soundborn.at\/#website","url":"https:\/\/soundborn.at\/","name":"Soundborn","description":"Tonstudio &amp; Prober\u00e4ume in Wien","publisher":{"@id":"https:\/\/soundborn.at\/#organization"},"potentialAction":[{"@type":"SearchAction","target":{"@type":"EntryPoint","urlTemplate":"https:\/\/soundborn.at\/?s={search_term_string}"},"query-input":{"@type":"PropertyValueSpecification","valueRequired":true,"valueName":"search_term_string"}}],"inLanguage":"en-GB"},{"@type":"Organization","@id":"https:\/\/soundborn.at\/#organization","name":"Soundborn","url":"https:\/\/soundborn.at\/","logo":{"@type":"ImageObject","inLanguage":"en-GB","@id":"https:\/\/soundborn.at\/#\/schema\/logo\/image\/","url":"https:\/\/soundborn.at\/wp-content\/uploads\/2025\/02\/Soundborn_RedOnTrans_0.png","contentUrl":"https:\/\/soundborn.at\/wp-content\/uploads\/2025\/02\/Soundborn_RedOnTrans_0.png","width":2401,"height":1201,"caption":"Soundborn"},"image":{"@id":"https:\/\/soundborn.at\/#\/schema\/logo\/image\/"},"sameAs":["https:\/\/www.facebook.com\/Soundborn","https:\/\/www.instagram.com\/soundbornofficial"]},{"@type":"Person","@id":"https:\/\/soundborn.at\/#\/schema\/person\/632779bdb4ce50186fd8edf31ca2f6ae","name":"Manuel","image":{"@type":"ImageObject","inLanguage":"en-GB","@id":"https:\/\/soundborn.at\/#\/schema\/person\/image\/","url":"https:\/\/secure.gravatar.com\/avatar\/13a7be6d161b1f1caff6a8ff8e890468f6b38286c9d579e59a8a50669cb19024?s=96&d=mm&r=g","contentUrl":"https:\/\/secure.gravatar.com\/avatar\/13a7be6d161b1f1caff6a8ff8e890468f6b38286c9d579e59a8a50669cb19024?s=96&d=mm&r=g","caption":"Manuel"},"sameAs":["https:\/\/soundborn.at"],"url":"https:\/\/soundborn.at\/en\/author\/madman86\/"}]}},"rttpg_featured_image_url":{"full":["https:\/\/soundborn.at\/wp-content\/uploads\/2025\/05\/SB_WP_Header_Jam_0.png",1200,630,false],"landscape":["https:\/\/soundborn.at\/wp-content\/uploads\/2025\/05\/SB_WP_Header_Jam_0.png",1200,630,false],"portraits":["https:\/\/soundborn.at\/wp-content\/uploads\/2025\/05\/SB_WP_Header_Jam_0.png",1200,630,false],"thumbnail":["https:\/\/soundborn.at\/wp-content\/uploads\/2025\/05\/SB_WP_Header_Jam_0-150x150.png",150,150,true],"medium":["https:\/\/soundborn.at\/wp-content\/uploads\/2025\/05\/SB_WP_Header_Jam_0-300x158.png",300,158,true],"large":["https:\/\/soundborn.at\/wp-content\/uploads\/2025\/05\/SB_WP_Header_Jam_0-1024x538.png",1024,538,true],"1536x1536":["https:\/\/soundborn.at\/wp-content\/uploads\/2025\/05\/SB_WP_Header_Jam_0.png",1200,630,false],"2048x2048":["https:\/\/soundborn.at\/wp-content\/uploads\/2025\/05\/SB_WP_Header_Jam_0.png",1200,630,false],"trp-custom-language-flag":["https:\/\/soundborn.at\/wp-content\/uploads\/2025\/05\/SB_WP_Header_Jam_0-18x9.png",18,9,true],"woocommerce_thumbnail":["https:\/\/soundborn.at\/wp-content\/uploads\/2025\/05\/SB_WP_Header_Jam_0-450x450.png",450,450,true],"woocommerce_single":["https:\/\/soundborn.at\/wp-content\/uploads\/2025\/05\/SB_WP_Header_Jam_0-600x315.png",600,315,true],"woocommerce_gallery_thumbnail":["https:\/\/soundborn.at\/wp-content\/uploads\/2025\/05\/SB_WP_Header_Jam_0-100x100.png",100,100,true]},"rttpg_author":{"display_name":"Manuel","author_link":"https:\/\/soundborn.at\/en\/author\/madman86\/"},"rttpg_comment":0,"rttpg_category":"<a href=\"https:\/\/soundborn.at\/en\/category\/announcements\/\" rel=\"category tag\">Announcements<\/a>","rttpg_excerpt":"Am 07.06.2025 (von 16 bis 22 Uhr) ist es so weit: Die erste \u00f6ffentliche Jam Session im Soundborn steht an! Wir freuen uns riesig darauf, mit euch musikalisch in Kontakt zu treten, uns mit bekannten und neuen Gesichtern auszutauschen \u2013 und einfach gemeinsam die Musik zu feiern. Bringt eure Instrumente mit, gerne auch Getr\u00e4nke und&hellip;","_links":{"self":[{"href":"https:\/\/soundborn.at\/en\/wp-json\/wp\/v2\/posts\/3280","targetHints":{"allow":["GET"]}}],"collection":[{"href":"https:\/\/soundborn.at\/en\/wp-json\/wp\/v2\/posts"}],"about":[{"href":"https:\/\/soundborn.at\/en\/wp-json\/wp\/v2\/types\/post"}],"author":[{"embeddable":true,"href":"https:\/\/soundborn.at\/en\/wp-json\/wp\/v2\/users\/1"}],"replies":[{"embeddable":true,"href":"https:\/\/soundborn.at\/en\/wp-json\/wp\/v2\/comments?post=3280"}],"version-history":[{"count":0,"href":"https:\/\/soundborn.at\/en\/wp-json\/wp\/v2\/posts\/3280\/revisions"}],"wp:featuredmedia":[{"embeddable":true,"href":"https:\/\/soundborn.at\/en\/wp-json\/wp\/v2\/media\/3288"}],"wp:attachment":[{"href":"https:\/\/soundborn.at\/en\/wp-json\/wp\/v2\/media?parent=3280"}],"wp:term":[{"taxonomy":"category","embeddable":true,"href":"https:\/\/soundborn.at\/en\/wp-json\/wp\/v2\/categories?post=3280"},{"taxonomy":"post_tag","embeddable":true,"href":"https:\/\/soundborn.at\/en\/wp-json\/wp\/v2\/tags?post=3280"}],"curies":[{"name":"wp","href":"https:\/\/api.w.org\/{rel}","templated":true}]}}