{"id":3924,"date":"2025-07-25T09:17:41","date_gmt":"2025-07-25T07:17:41","guid":{"rendered":"https:\/\/soundborn.at\/?p=3924"},"modified":"2025-07-25T09:18:19","modified_gmt":"2025-07-25T07:18:19","slug":"jam-session-july-25-2","status":"publish","type":"post","link":"https:\/\/soundborn.at\/en\/jam-session-july-25-2\/","title":{"rendered":"Jam Session #2 - It was awesome!"},"content":{"rendered":"<p><\/p>\n\n\n\n<p>Was f\u00fcr eine Jam Session! <img decoding=\"async\" height=\"16\" width=\"16\" src=\"https:\/\/static.xx.fbcdn.net\/images\/emoji.php\/v9\/t1f\/1\/16\/1f3b6.png\" alt=\"\ud83c\udfb6\"><img decoding=\"async\" height=\"16\" width=\"16\" src=\"https:\/\/static.xx.fbcdn.net\/images\/emoji.php\/v9\/t50\/1\/16\/1f525.png\" alt=\"\ud83d\udd25\"><br><br>So soll sich das anf\u00fchlen: Liebe Menschen finden zusammen \u2013 viele von ihnen sind sich zuvor nie begegnet \u2013 und treten auf unterschiedlichste Weise musikalisch in Kontakt. Sie f\u00fchren Dialoge, nicht mit Worten, sondern durch die universelle Sprache der Musik. Dabei geht es nicht um den Skill-Level, sondern ums gemeinsame Erleben. Respektvoll, lustig und ein wenig verr\u00fcckt: wir haben uns richtig wohl gef\u00fchlt. <\/p>\n\n\n\n<p>Big <a><\/a>Shout-Out an Mike Sangu aka <a href=\"https:\/\/www.facebook.com\/MCSchlechterRapper?__cft__[0]=AZVZkIlRjTOUNvcPg1XI4Ko8dIgR13phVqhkDKIezL5ZKfSn-JFJom52Ggtl_zX6AdcEo5FpHFVttOCiCgU9uFrUunfqEdl4rcb7wKLCmlBtm7yeEiVQywQou0Z461IWzPqY8xkOd9JsBAvAq1SfDMo2UdDdh-obny82JlnyScgljoohfVtBwZRUzGikVBrM0H4&amp;__tn__=-]K-R\">MC Schlechter Rapper<\/a>, <a href=\"https:\/\/www.facebook.com\/robert.hilger?__cft__[0]=AZVZkIlRjTOUNvcPg1XI4Ko8dIgR13phVqhkDKIezL5ZKfSn-JFJom52Ggtl_zX6AdcEo5FpHFVttOCiCgU9uFrUunfqEdl4rcb7wKLCmlBtm7yeEiVQywQou0Z461IWzPqY8xkOd9JsBAvAq1SfDMo2UdDdh-obny82JlnyScgljoohfVtBwZRUzGikVBrM0H4&amp;__tn__=-]K-R\">Robert Hilger<\/a>, <a href=\"https:\/\/www.facebook.com\/profile.php?id=100079244923623&amp;__cft__[0]=AZVZkIlRjTOUNvcPg1XI4Ko8dIgR13phVqhkDKIezL5ZKfSn-JFJom52Ggtl_zX6AdcEo5FpHFVttOCiCgU9uFrUunfqEdl4rcb7wKLCmlBtm7yeEiVQywQou0Z461IWzPqY8xkOd9JsBAvAq1SfDMo2UdDdh-obny82JlnyScgljoohfVtBwZRUzGikVBrM0H4&amp;__tn__=-]K-R\">Dave b&#8217;Hara<\/a>, Benjamin Block aka <a href=\"https:\/\/www.facebook.com\/profile.php?id=100015540692408&amp;__cft__[0]=AZVZkIlRjTOUNvcPg1XI4Ko8dIgR13phVqhkDKIezL5ZKfSn-JFJom52Ggtl_zX6AdcEo5FpHFVttOCiCgU9uFrUunfqEdl4rcb7wKLCmlBtm7yeEiVQywQou0Z461IWzPqY8xkOd9JsBAvAq1SfDMo2UdDdh-obny82JlnyScgljoohfVtBwZRUzGikVBrM0H4&amp;__tn__=-]K-R\">Speaking Silences<\/a>, Prijak Branimir, Boualem Dahmani, Michael Rosenberg, Giuseppe Leonardi, Robert Ponger \u2013 und alle anderen, die dabei waren und diesen Abend zu etwas ganz Besonderem gemacht haben! <img decoding=\"async\" height=\"16\" width=\"16\" alt=\"\ud83d\udca5\" src=\"https:\/\/static.xx.fbcdn.net\/images\/emoji.php\/v9\/t40\/1\/16\/1f4a5.png\"><img loading=\"lazy\" decoding=\"async\" height=\"16\" width=\"16\" alt=\"\ud83d\ude4f\" src=\"https:\/\/static.xx.fbcdn.net\/images\/emoji.php\/v9\/t80\/1\/16\/1f64f.png\"><\/p>\n\n\n\n<p>Wir sagen DANKE \u2013 und freuen uns schon auf die n\u00e4chste Session!<\/p>\n\n\n\n<p>Stay tuned! <img loading=\"lazy\" decoding=\"async\" height=\"16\" width=\"16\" alt=\"\ud83c\udfa7\" src=\"https:\/\/static.xx.fbcdn.net\/images\/emoji.php\/v9\/t1\/1\/16\/1f3a7.png\"><img loading=\"lazy\" decoding=\"async\" height=\"16\" width=\"16\" alt=\"\u2728\" src=\"https:\/\/static.xx.fbcdn.net\/images\/emoji.php\/v9\/tf4\/1\/16\/2728.png\"><\/p>\n\n\n\n<p><\/p>\n\n\n\n<p><\/p>","protected":false},"excerpt":{"rendered":"<p>Was f\u00fcr eine Jam Session! So soll sich das anf\u00fchlen: Liebe Menschen finden zusammen \u2013 viele von ihnen sind sich zuvor nie begegnet \u2013 und treten auf unterschiedlichste Weise musikalisch in Kontakt. Sie f\u00fchren Dialoge, nicht mit Worten, sondern durch die universelle Sprache der Musik. Dabei geht es nicht um den Skill-Level, sondern ums gemeinsame [&hellip;]<\/p>","protected":false},"author":1,"featured_media":3923,"comment_status":"closed","ping_status":"open","sticky":false,"template":"","format":"standard","meta":{"_acf_changed":false,"footnotes":""},"categories":[1],"tags":[44,45,46,41,47,42,43],"class_list":["post-3924","post","type-post","status-publish","format-standard","has-post-thumbnail","hentry","category-general","tag-44","tag-aufnahmen","tag-proben","tag-proberaeume","tag-roomforyoursound","tag-tonstudio","tag-wien"],"acf":[],"yoast_head":"<!-- This site is optimized with the Yoast SEO plugin v26.9 - https:\/\/yoast.com\/product\/yoast-seo-wordpress\/ -->\n<title>Jam-Session #2: Es war gro\u00dfartig - Soundborn<\/title>\n<meta name=\"description\" content=\"Prober\u00e4ume Wien, Tonstudio Wien, Podcasts aufnehmen, Raum f\u00fcr Workshops mieten, Raum f\u00fcr Veranstaltungen buchen, \u00d6ffentliche Jam-Sessions, Raum f\u00fcr Karaoke\" \/>\n<meta name=\"robots\" content=\"index, follow, max-snippet:-1, max-image-preview:large, max-video-preview:-1\" \/>\n<link rel=\"canonical\" href=\"https:\/\/soundborn.at\/en\/jam-session-july-25-2\/\" \/>\n<meta property=\"og:locale\" content=\"en_GB\" \/>\n<meta property=\"og:type\" content=\"article\" \/>\n<meta property=\"og:title\" content=\"Jam-Session #2: Es war gro\u00dfartig - Soundborn\" \/>\n<meta property=\"og:description\" content=\"Prober\u00e4ume Wien, Tonstudio Wien, Podcasts aufnehmen, Raum f\u00fcr Workshops mieten, Raum f\u00fcr Veranstaltungen buchen, \u00d6ffentliche Jam-Sessions, Raum f\u00fcr Karaoke\" \/>\n<meta property=\"og:url\" content=\"https:\/\/soundborn.at\/en\/jam-session-july-25-2\/\" \/>\n<meta property=\"og:site_name\" content=\"Soundborn\" \/>\n<meta property=\"article:publisher\" content=\"https:\/\/www.facebook.com\/Soundborn\" \/>\n<meta property=\"article:published_time\" content=\"2025-07-25T07:17:41+00:00\" \/>\n<meta property=\"article:modified_time\" content=\"2025-07-25T07:18:19+00:00\" \/>\n<meta property=\"og:image\" content=\"https:\/\/soundborn.at\/wp-content\/uploads\/2025\/07\/Processed-4088.webp\" \/>\n\t<meta property=\"og:image:width\" content=\"1500\" \/>\n\t<meta property=\"og:image:height\" content=\"1000\" \/>\n\t<meta property=\"og:image:type\" content=\"image\/webp\" \/>\n<meta name=\"author\" content=\"Manuel\" \/>\n<meta name=\"twitter:card\" content=\"summary_large_image\" \/>\n<meta name=\"twitter:label1\" content=\"Written by\" \/>\n\t<meta name=\"twitter:data1\" content=\"Manuel\" \/>\n\t<meta name=\"twitter:label2\" content=\"Estimated reading time\" \/>\n\t<meta name=\"twitter:data2\" content=\"3 minutes\" \/>\n<script type=\"application\/ld+json\" class=\"yoast-schema-graph\">{\"@context\":\"https:\/\/schema.org\",\"@graph\":[{\"@type\":\"Article\",\"@id\":\"https:\/\/soundborn.at\/jam-session-july-25-2\/#article\",\"isPartOf\":{\"@id\":\"https:\/\/soundborn.at\/jam-session-july-25-2\/\"},\"author\":{\"name\":\"Manuel\",\"@id\":\"https:\/\/soundborn.at\/#\/schema\/person\/632779bdb4ce50186fd8edf31ca2f6ae\"},\"headline\":\"Jam-Session #2: Es war gro\u00dfartig\",\"datePublished\":\"2025-07-25T07:17:41+00:00\",\"dateModified\":\"2025-07-25T07:18:19+00:00\",\"mainEntityOfPage\":{\"@id\":\"https:\/\/soundborn.at\/jam-session-july-25-2\/\"},\"wordCount\":134,\"publisher\":{\"@id\":\"https:\/\/soundborn.at\/#organization\"},\"image\":{\"@id\":\"https:\/\/soundborn.at\/jam-session-july-25-2\/#primaryimage\"},\"thumbnailUrl\":\"https:\/\/soundborn.at\/wp-content\/uploads\/2025\/07\/Processed-4088.webp\",\"keywords\":[\"1080\",\"aufnahmen\",\"proben\",\"prober\u00e4ume\",\"roomforyoursound\",\"tonstudio\",\"wien\"],\"articleSection\":[\"General\"],\"inLanguage\":\"en-GB\"},{\"@type\":\"WebPage\",\"@id\":\"https:\/\/soundborn.at\/jam-session-july-25-2\/\",\"url\":\"https:\/\/soundborn.at\/jam-session-july-25-2\/\",\"name\":\"Jam-Session #2: Es war gro\u00dfartig - Soundborn\",\"isPartOf\":{\"@id\":\"https:\/\/soundborn.at\/#website\"},\"primaryImageOfPage\":{\"@id\":\"https:\/\/soundborn.at\/jam-session-july-25-2\/#primaryimage\"},\"image\":{\"@id\":\"https:\/\/soundborn.at\/jam-session-july-25-2\/#primaryimage\"},\"thumbnailUrl\":\"https:\/\/soundborn.at\/wp-content\/uploads\/2025\/07\/Processed-4088.webp\",\"datePublished\":\"2025-07-25T07:17:41+00:00\",\"dateModified\":\"2025-07-25T07:18:19+00:00\",\"description\":\"Prober\u00e4ume Wien, Tonstudio Wien, Podcasts aufnehmen, Raum f\u00fcr Workshops mieten, Raum f\u00fcr Veranstaltungen buchen, \u00d6ffentliche Jam-Sessions, Raum f\u00fcr Karaoke\",\"breadcrumb\":{\"@id\":\"https:\/\/soundborn.at\/jam-session-july-25-2\/#breadcrumb\"},\"inLanguage\":\"en-GB\",\"potentialAction\":[{\"@type\":\"ReadAction\",\"target\":[\"https:\/\/soundborn.at\/jam-session-july-25-2\/\"]}]},{\"@type\":\"ImageObject\",\"inLanguage\":\"en-GB\",\"@id\":\"https:\/\/soundborn.at\/jam-session-july-25-2\/#primaryimage\",\"url\":\"https:\/\/soundborn.at\/wp-content\/uploads\/2025\/07\/Processed-4088.webp\",\"contentUrl\":\"https:\/\/soundborn.at\/wp-content\/uploads\/2025\/07\/Processed-4088.webp\",\"width\":1500,\"height\":1000,\"caption\":\"jam-session-foto\"},{\"@type\":\"BreadcrumbList\",\"@id\":\"https:\/\/soundborn.at\/jam-session-july-25-2\/#breadcrumb\",\"itemListElement\":[{\"@type\":\"ListItem\",\"position\":1,\"name\":\"Home\",\"item\":\"https:\/\/soundborn.at\/\"},{\"@type\":\"ListItem\",\"position\":2,\"name\":\"Jam-Session #2: Es war gro\u00dfartig\"}]},{\"@type\":\"WebSite\",\"@id\":\"https:\/\/soundborn.at\/#website\",\"url\":\"https:\/\/soundborn.at\/\",\"name\":\"Soundborn\",\"description\":\"Tonstudio &amp; Prober\u00e4ume in Wien\",\"publisher\":{\"@id\":\"https:\/\/soundborn.at\/#organization\"},\"potentialAction\":[{\"@type\":\"SearchAction\",\"target\":{\"@type\":\"EntryPoint\",\"urlTemplate\":\"https:\/\/soundborn.at\/?s={search_term_string}\"},\"query-input\":{\"@type\":\"PropertyValueSpecification\",\"valueRequired\":true,\"valueName\":\"search_term_string\"}}],\"inLanguage\":\"en-GB\"},{\"@type\":\"Organization\",\"@id\":\"https:\/\/soundborn.at\/#organization\",\"name\":\"Soundborn\",\"url\":\"https:\/\/soundborn.at\/\",\"logo\":{\"@type\":\"ImageObject\",\"inLanguage\":\"en-GB\",\"@id\":\"https:\/\/soundborn.at\/#\/schema\/logo\/image\/\",\"url\":\"https:\/\/soundborn.at\/wp-content\/uploads\/2025\/02\/Soundborn_RedOnTrans_0.png\",\"contentUrl\":\"https:\/\/soundborn.at\/wp-content\/uploads\/2025\/02\/Soundborn_RedOnTrans_0.png\",\"width\":2401,\"height\":1201,\"caption\":\"Soundborn\"},\"image\":{\"@id\":\"https:\/\/soundborn.at\/#\/schema\/logo\/image\/\"},\"sameAs\":[\"https:\/\/www.facebook.com\/Soundborn\",\"https:\/\/www.instagram.com\/soundbornofficial\"]},{\"@type\":\"Person\",\"@id\":\"https:\/\/soundborn.at\/#\/schema\/person\/632779bdb4ce50186fd8edf31ca2f6ae\",\"name\":\"Manuel\",\"image\":{\"@type\":\"ImageObject\",\"inLanguage\":\"en-GB\",\"@id\":\"https:\/\/soundborn.at\/#\/schema\/person\/image\/\",\"url\":\"https:\/\/secure.gravatar.com\/avatar\/13a7be6d161b1f1caff6a8ff8e890468f6b38286c9d579e59a8a50669cb19024?s=96&d=mm&r=g\",\"contentUrl\":\"https:\/\/secure.gravatar.com\/avatar\/13a7be6d161b1f1caff6a8ff8e890468f6b38286c9d579e59a8a50669cb19024?s=96&d=mm&r=g\",\"caption\":\"Manuel\"},\"sameAs\":[\"https:\/\/soundborn.at\"],\"url\":\"https:\/\/soundborn.at\/en\/author\/madman86\/\"}]}<\/script>\n<!-- \/ Yoast SEO plugin. -->","yoast_head_json":{"title":"Jam-Session #2: Es war gro\u00dfartig - Soundborn","description":"Prober\u00e4ume Wien, Tonstudio Wien, Podcasts aufnehmen, Raum f\u00fcr Workshops mieten, Raum f\u00fcr Veranstaltungen buchen, \u00d6ffentliche Jam-Sessions, Raum f\u00fcr Karaoke","robots":{"index":"index","follow":"follow","max-snippet":"max-snippet:-1","max-image-preview":"max-image-preview:large","max-video-preview":"max-video-preview:-1"},"canonical":"https:\/\/soundborn.at\/en\/jam-session-july-25-2\/","og_locale":"en_GB","og_type":"article","og_title":"Jam-Session #2: Es war gro\u00dfartig - Soundborn","og_description":"Prober\u00e4ume Wien, Tonstudio Wien, Podcasts aufnehmen, Raum f\u00fcr Workshops mieten, Raum f\u00fcr Veranstaltungen buchen, \u00d6ffentliche Jam-Sessions, Raum f\u00fcr Karaoke","og_url":"https:\/\/soundborn.at\/en\/jam-session-july-25-2\/","og_site_name":"Soundborn","article_publisher":"https:\/\/www.facebook.com\/Soundborn","article_published_time":"2025-07-25T07:17:41+00:00","article_modified_time":"2025-07-25T07:18:19+00:00","og_image":[{"width":1500,"height":1000,"url":"https:\/\/soundborn.at\/wp-content\/uploads\/2025\/07\/Processed-4088.webp","type":"image\/webp"}],"author":"Manuel","twitter_card":"summary_large_image","twitter_misc":{"Written by":"Manuel","Estimated reading time":"3 minutes"},"schema":{"@context":"https:\/\/schema.org","@graph":[{"@type":"Article","@id":"https:\/\/soundborn.at\/jam-session-july-25-2\/#article","isPartOf":{"@id":"https:\/\/soundborn.at\/jam-session-july-25-2\/"},"author":{"name":"Manuel","@id":"https:\/\/soundborn.at\/#\/schema\/person\/632779bdb4ce50186fd8edf31ca2f6ae"},"headline":"Jam-Session #2: Es war gro\u00dfartig","datePublished":"2025-07-25T07:17:41+00:00","dateModified":"2025-07-25T07:18:19+00:00","mainEntityOfPage":{"@id":"https:\/\/soundborn.at\/jam-session-july-25-2\/"},"wordCount":134,"publisher":{"@id":"https:\/\/soundborn.at\/#organization"},"image":{"@id":"https:\/\/soundborn.at\/jam-session-july-25-2\/#primaryimage"},"thumbnailUrl":"https:\/\/soundborn.at\/wp-content\/uploads\/2025\/07\/Processed-4088.webp","keywords":["1080","aufnahmen","proben","prober\u00e4ume","roomforyoursound","tonstudio","wien"],"articleSection":["General"],"inLanguage":"en-GB"},{"@type":"WebPage","@id":"https:\/\/soundborn.at\/jam-session-july-25-2\/","url":"https:\/\/soundborn.at\/jam-session-july-25-2\/","name":"Jam-Session #2: Es war gro\u00dfartig - Soundborn","isPartOf":{"@id":"https:\/\/soundborn.at\/#website"},"primaryImageOfPage":{"@id":"https:\/\/soundborn.at\/jam-session-july-25-2\/#primaryimage"},"image":{"@id":"https:\/\/soundborn.at\/jam-session-july-25-2\/#primaryimage"},"thumbnailUrl":"https:\/\/soundborn.at\/wp-content\/uploads\/2025\/07\/Processed-4088.webp","datePublished":"2025-07-25T07:17:41+00:00","dateModified":"2025-07-25T07:18:19+00:00","description":"Prober\u00e4ume Wien, Tonstudio Wien, Podcasts aufnehmen, Raum f\u00fcr Workshops mieten, Raum f\u00fcr Veranstaltungen buchen, \u00d6ffentliche Jam-Sessions, Raum f\u00fcr Karaoke","breadcrumb":{"@id":"https:\/\/soundborn.at\/jam-session-july-25-2\/#breadcrumb"},"inLanguage":"en-GB","potentialAction":[{"@type":"ReadAction","target":["https:\/\/soundborn.at\/jam-session-july-25-2\/"]}]},{"@type":"ImageObject","inLanguage":"en-GB","@id":"https:\/\/soundborn.at\/jam-session-july-25-2\/#primaryimage","url":"https:\/\/soundborn.at\/wp-content\/uploads\/2025\/07\/Processed-4088.webp","contentUrl":"https:\/\/soundborn.at\/wp-content\/uploads\/2025\/07\/Processed-4088.webp","width":1500,"height":1000,"caption":"jam-session-foto"},{"@type":"BreadcrumbList","@id":"https:\/\/soundborn.at\/jam-session-july-25-2\/#breadcrumb","itemListElement":[{"@type":"ListItem","position":1,"name":"Home","item":"https:\/\/soundborn.at\/"},{"@type":"ListItem","position":2,"name":"Jam-Session #2: Es war gro\u00dfartig"}]},{"@type":"WebSite","@id":"https:\/\/soundborn.at\/#website","url":"https:\/\/soundborn.at\/","name":"Soundborn","description":"Tonstudio &amp; Prober\u00e4ume in Wien","publisher":{"@id":"https:\/\/soundborn.at\/#organization"},"potentialAction":[{"@type":"SearchAction","target":{"@type":"EntryPoint","urlTemplate":"https:\/\/soundborn.at\/?s={search_term_string}"},"query-input":{"@type":"PropertyValueSpecification","valueRequired":true,"valueName":"search_term_string"}}],"inLanguage":"en-GB"},{"@type":"Organization","@id":"https:\/\/soundborn.at\/#organization","name":"Soundborn","url":"https:\/\/soundborn.at\/","logo":{"@type":"ImageObject","inLanguage":"en-GB","@id":"https:\/\/soundborn.at\/#\/schema\/logo\/image\/","url":"https:\/\/soundborn.at\/wp-content\/uploads\/2025\/02\/Soundborn_RedOnTrans_0.png","contentUrl":"https:\/\/soundborn.at\/wp-content\/uploads\/2025\/02\/Soundborn_RedOnTrans_0.png","width":2401,"height":1201,"caption":"Soundborn"},"image":{"@id":"https:\/\/soundborn.at\/#\/schema\/logo\/image\/"},"sameAs":["https:\/\/www.facebook.com\/Soundborn","https:\/\/www.instagram.com\/soundbornofficial"]},{"@type":"Person","@id":"https:\/\/soundborn.at\/#\/schema\/person\/632779bdb4ce50186fd8edf31ca2f6ae","name":"Manuel","image":{"@type":"ImageObject","inLanguage":"en-GB","@id":"https:\/\/soundborn.at\/#\/schema\/person\/image\/","url":"https:\/\/secure.gravatar.com\/avatar\/13a7be6d161b1f1caff6a8ff8e890468f6b38286c9d579e59a8a50669cb19024?s=96&d=mm&r=g","contentUrl":"https:\/\/secure.gravatar.com\/avatar\/13a7be6d161b1f1caff6a8ff8e890468f6b38286c9d579e59a8a50669cb19024?s=96&d=mm&r=g","caption":"Manuel"},"sameAs":["https:\/\/soundborn.at"],"url":"https:\/\/soundborn.at\/en\/author\/madman86\/"}]}},"rttpg_featured_image_url":{"full":["https:\/\/soundborn.at\/wp-content\/uploads\/2025\/07\/Processed-4088.webp",1500,1000,false],"landscape":["https:\/\/soundborn.at\/wp-content\/uploads\/2025\/07\/Processed-4088.webp",1500,1000,false],"portraits":["https:\/\/soundborn.at\/wp-content\/uploads\/2025\/07\/Processed-4088.webp",1500,1000,false],"thumbnail":["https:\/\/soundborn.at\/wp-content\/uploads\/2025\/07\/Processed-4088-150x150.webp",150,150,true],"medium":["https:\/\/soundborn.at\/wp-content\/uploads\/2025\/07\/Processed-4088-300x200.webp",300,200,true],"large":["https:\/\/soundborn.at\/wp-content\/uploads\/2025\/07\/Processed-4088-1024x683.webp",1024,683,true],"1536x1536":["https:\/\/soundborn.at\/wp-content\/uploads\/2025\/07\/Processed-4088.webp",1500,1000,false],"2048x2048":["https:\/\/soundborn.at\/wp-content\/uploads\/2025\/07\/Processed-4088.webp",1500,1000,false],"trp-custom-language-flag":["https:\/\/soundborn.at\/wp-content\/uploads\/2025\/07\/Processed-4088-18x12.webp",18,12,true],"woocommerce_thumbnail":["https:\/\/soundborn.at\/wp-content\/uploads\/2025\/07\/Processed-4088-450x450.webp",450,450,true],"woocommerce_single":["https:\/\/soundborn.at\/wp-content\/uploads\/2025\/07\/Processed-4088-600x400.webp",600,400,true],"woocommerce_gallery_thumbnail":["https:\/\/soundborn.at\/wp-content\/uploads\/2025\/07\/Processed-4088-100x100.webp",100,100,true]},"rttpg_author":{"display_name":"Manuel","author_link":"https:\/\/soundborn.at\/en\/author\/madman86\/"},"rttpg_comment":0,"rttpg_category":"<a href=\"https:\/\/soundborn.at\/en\/category\/general\/\" rel=\"category tag\">General<\/a>","rttpg_excerpt":"Was f\u00fcr eine Jam Session! So soll sich das anf\u00fchlen: Liebe Menschen finden zusammen \u2013 viele von ihnen sind sich zuvor nie begegnet \u2013 und treten auf unterschiedlichste Weise musikalisch in Kontakt. Sie f\u00fchren Dialoge, nicht mit Worten, sondern durch die universelle Sprache der Musik. Dabei geht es nicht um den Skill-Level, sondern ums gemeinsame&hellip;","_links":{"self":[{"href":"https:\/\/soundborn.at\/en\/wp-json\/wp\/v2\/posts\/3924","targetHints":{"allow":["GET"]}}],"collection":[{"href":"https:\/\/soundborn.at\/en\/wp-json\/wp\/v2\/posts"}],"about":[{"href":"https:\/\/soundborn.at\/en\/wp-json\/wp\/v2\/types\/post"}],"author":[{"embeddable":true,"href":"https:\/\/soundborn.at\/en\/wp-json\/wp\/v2\/users\/1"}],"replies":[{"embeddable":true,"href":"https:\/\/soundborn.at\/en\/wp-json\/wp\/v2\/comments?post=3924"}],"version-history":[{"count":0,"href":"https:\/\/soundborn.at\/en\/wp-json\/wp\/v2\/posts\/3924\/revisions"}],"wp:featuredmedia":[{"embeddable":true,"href":"https:\/\/soundborn.at\/en\/wp-json\/wp\/v2\/media\/3923"}],"wp:attachment":[{"href":"https:\/\/soundborn.at\/en\/wp-json\/wp\/v2\/media?parent=3924"}],"wp:term":[{"taxonomy":"category","embeddable":true,"href":"https:\/\/soundborn.at\/en\/wp-json\/wp\/v2\/categories?post=3924"},{"taxonomy":"post_tag","embeddable":true,"href":"https:\/\/soundborn.at\/en\/wp-json\/wp\/v2\/tags?post=3924"}],"curies":[{"name":"wp","href":"https:\/\/api.w.org\/{rel}","templated":true}]}}